{"id":1254,"date":"2025-06-04T07:24:43","date_gmt":"2025-06-04T07:24:43","guid":{"rendered":"https:\/\/costadapta.energiagrancanaria.com\/?p=1254"},"modified":"2025-06-05T07:50:09","modified_gmt":"2025-06-05T07:50:09","slug":"el-dia-mundial-del-medio-ambiente-esta-aqui-y-life-costadapta-lo-conmemora-un-ano-mas-abogando-por-el-planeta","status":"publish","type":"post","link":"https:\/\/costadapta.energiagrancanaria.com\/?p=1254","title":{"rendered":"El D\u00eda Mundial del Medio Ambiente est\u00e1 aqu\u00ed, y LIFE COSTAdapta lo conmemora un a\u00f1o m\u00e1s abogando por el planeta"},"content":{"rendered":"\n<ul class=\"wp-block-list\">\n<li><em>LIFE COSTAdapta es un proyecto innovador cuyo fin es mitigar los efectos del cambio clim\u00e1tico que afectan al medio ambiente<\/em><\/li>\n\n\n\n<li><em>El demostrador del proyecto fomentar\u00e1 los ecosistemas marinos a la vez que frenar\u00e1 la subida del nivel del mar para proteger las viviendas en zonas costeras<\/em><\/li>\n<\/ul>\n\n\n\n<p><strong>Bruselas, 5 de junio 2025.<\/strong> Todos los a\u00f1os, desde 1972, se celebra el <a href=\"https:\/\/www.un.org\/es\/observances\/environment-day\"><strong>D\u00eda Mundial del Medio Ambiente<\/strong><\/a> para promover la <strong>conciencia ecol\u00f3gica<\/strong>, utilizando la ocasi\u00f3n para recordar la necesidad de cuidar el planeta y las medidas asequibles que se pueden tomar. En un contexto global marcado por fen\u00f3menos clim\u00e1ticos extremos, p\u00e9rdida de biodiversidad y erosi\u00f3n costera, el D\u00eda Mundial del Medio Ambiente adquiere una relevancia creciente en el mundo <strong>cada 5 de junio<\/strong>.<\/p>\n\n\n\n<p>Este d\u00eda no solo conmemora la conexi\u00f3n esencial entre la humanidad y la naturaleza, sino que tambi\u00e9n act\u00faa como una <strong>llamada a la acci\u00f3n<\/strong> para gobiernos, organizaciones y ciudadanos. Es un recordatorio de que la sostenibilidad no es una opci\u00f3n, sino una urgencia. Iniciativas como la del <a href=\"https:\/\/costadapta.energiagrancanaria.com\/?page_id=371&amp;lang=en\"><strong>proyecto LIFE COSTAdapta<\/strong><\/a> ejemplifican c\u00f3mo la innovaci\u00f3n, el compromiso comunitario y las soluciones basadas en la naturaleza pueden converger para generar un impacto real, <strong>protegiendo los ecosistemas<\/strong> y asegurando un futuro m\u00e1s resiliente para las pr\u00f3ximas generaciones.<\/p>\n\n\n\n<p>Una de las medidas que ya se est\u00e1n tomando la propone el proyecto europeo LIFE COSTAdapta, que desde 2023 aboga por el planeta con soluciones basadas en la naturaleza para combatir el cambio clim\u00e1tico. El producto de este proyecto, que actualmente se encuentra en la fase preliminar de dise\u00f1o ser\u00e1 un <strong>innovador y progresivo de arrecife-charcos de marea<\/strong>, que tiene como objetivos aumentar la biodiversidad y los ecosistemas marinos, frenar la erosi\u00f3n y disminuir el nivel del mar para proteger las infraestructuras pr\u00f3ximas a la costa, que actualmente est\u00e1n en peligro y sufriendo da\u00f1os.<\/p>\n\n\n\n<p><strong>Sobre LIFE COSTAdapta<\/strong><\/p>\n\n\n\n<p>Los estudios y el dise\u00f1o del prototipo se est\u00e1n desarrollando en <strong>San Felipe<\/strong>, una costa en la ciudad de Santa Mar\u00eda de Gu\u00eda, Gran Canaria. El proyecto tiene una <strong>duraci\u00f3n de 7 a\u00f1os<\/strong>, y un presupuesto de <strong>3,4 millones de euros<\/strong>, cofinanciados por el <a href=\"https:\/\/single-market-economy.ec.europa.eu\/industry\/strategy\/hydrogen\/funding-guide\/eu-programmes-funds\/life-programme_en\"><strong>programa LIFE de la Uni\u00f3n Europea<\/strong>.<\/a><\/p>\n\n\n\n<p>El proyecto est\u00e1 <strong>liderado por el Cabildo de Gran Canaria<\/strong>, y respaldado por 7 entidades socias: la Universidad de Las Palmas de Gran Canaria, la Universidad de Cantabria, ECOncrete AQUA, INGECID, Raley Estudios Costeros, la Fundaci\u00f3n Canarias Recicla, y la Fundaaci\u00f3n Finnova.<\/p>\n","protected":false},"excerpt":{"rendered":"<p>Bruselas, 5 de junio 2025. Todos los a\u00f1os, desde 1972, se celebra el D\u00eda Mundial del Medio Ambiente para promover la conciencia ecol\u00f3gica, utilizando la ocasi\u00f3n para recordar la necesidad de cuidar el planeta y las medidas asequibles que se pueden tomar. En un contexto global marcado por fen\u00f3menos clim\u00e1ticos extremos, p\u00e9rdida de biodiversidad y [&hellip;]<\/p>\n","protected":false},"author":1,"featured_media":1256,"comment_status":"open","ping_status":"open","sticky":false,"template":"","format":"standard","meta":{"_monsterinsights_skip_tracking":false,"_monsterinsights_sitenote_active":false,"_monsterinsights_sitenote_note":"","_monsterinsights_sitenote_category":0,"footnotes":""},"categories":[1],"tags":[],"class_list":["post-1254","post","type-post","status-publish","format-standard","has-post-thumbnail","hentry","category-noticias"],"_links":{"self":[{"href":"https:\/\/costadapta.energiagrancanaria.com\/index.php?rest_route=\/wp\/v2\/posts\/1254","targetHints":{"allow":["GET"]}}],"collection":[{"href":"https:\/\/costadapta.energiagrancanaria.com\/index.php?rest_route=\/wp\/v2\/posts"}],"about":[{"href":"https:\/\/costadapta.energiagrancanaria.com\/index.php?rest_route=\/wp\/v2\/types\/post"}],"author":[{"embeddable":true,"href":"https:\/\/costadapta.energiagrancanaria.com\/index.php?rest_route=\/wp\/v2\/users\/1"}],"replies":[{"embeddable":true,"href":"https:\/\/costadapta.energiagrancanaria.com\/index.php?rest_route=%2Fwp%2Fv2%2Fcomments&post=1254"}],"version-history":[{"count":1,"href":"https:\/\/costadapta.energiagrancanaria.com\/index.php?rest_route=\/wp\/v2\/posts\/1254\/revisions"}],"predecessor-version":[{"id":1257,"href":"https:\/\/costadapta.energiagrancanaria.com\/index.php?rest_route=\/wp\/v2\/posts\/1254\/revisions\/1257"}],"wp:featuredmedia":[{"embeddable":true,"href":"https:\/\/costadapta.energiagrancanaria.com\/index.php?rest_route=\/wp\/v2\/media\/1256"}],"wp:attachment":[{"href":"https:\/\/costadapta.energiagrancanaria.com\/index.php?rest_route=%2Fwp%2Fv2%2Fmedia&parent=1254"}],"wp:term":[{"taxonomy":"category","embeddable":true,"href":"https:\/\/costadapta.energiagrancanaria.com\/index.php?rest_route=%2Fwp%2Fv2%2Fcategories&post=1254"},{"taxonomy":"post_tag","embeddable":true,"href":"https:\/\/costadapta.energiagrancanaria.com\/index.php?rest_route=%2Fwp%2Fv2%2Ftags&post=1254"}],"curies":[{"name":"wp","href":"https:\/\/api.w.org\/{rel}","templated":true}]}}