{"id":1622,"date":"2025-11-17T08:31:28","date_gmt":"2025-11-17T08:31:28","guid":{"rendered":"https:\/\/costadapta.energiagrancanaria.com\/?p=1622"},"modified":"2025-11-20T17:15:39","modified_gmt":"2025-11-20T17:15:39","slug":"cinea-y-el-cabildo-de-gran-canaria-encabezaran-la-jornada-estrategica-sobre-adaptacion-costera-organizada-por-life-costadapta-en-canarias","status":"publish","type":"post","link":"https:\/\/costadapta.energiagrancanaria.com\/?p=1622","title":{"rendered":"El Cabildo de Gran Canaria encabezar\u00e1n la jornada estrat\u00e9gica sobre adaptaci\u00f3n costera organizada por LIFE COSTAdapta en Canarias"},"content":{"rendered":"\n<p><strong>La isla acoger\u00e1 el 25 de noviembre una jornada t\u00e9cnica presencial que reunir\u00e1 a expertos, administraciones y ciudadan\u00eda para abordar soluciones de resiliencia frente al cambio clim\u00e1tico<\/strong><\/p>\n\n\n\n<p><strong>Las Palmas de Gran Canaria, 14 de noviembre de 2025. <\/strong>El proyecto europeo <a href=\"https:\/\/costadapta.energiagrancanaria.com\/\">LIFE COSTAdapta<\/a> celebrar\u00e1 el pr\u00f3ximo martes 25 de noviembre <a href=\"https:\/\/www.eventbrite.es\/e\/i-jornada-de-adaptacion-costera-el-proyecto-life-costadapta-tickets-1360524187469#:~:text=Eventbrite%20-%20Finnova%20presents%20I%20Jornada%20de%20Adaptaci%C3%B3n,Gran%20Canaria%2C%20CN.%20Find%20event%20and%20ticket%20information.\"><em>la Primera Jornada de Adaptaci\u00f3n Costera al Cambio Clim\u00e1tico en Regiones Insulares<\/em><\/a>, un encuentro presencial que reunir\u00e1 a instituciones europeas, administraciones locales y auton\u00f3micas, universidades y entidades especializadas en gesti\u00f3n del litoral. La jornada tendr\u00e1 lugar en la sede del <a href=\"https:\/\/www.energiagrancanaria.com\/\">Consejo Insular de la Energ\u00eda de Gran Canaria (CIEGC)<\/a> y se integra en las actividades previstas dentro de la <a href=\"https:\/\/regions-and-cities.europa.eu\/programme\/2025\/programme\/47026\">EU Region Week<\/a>, el foro europeo de referencia para la cooperaci\u00f3n territorial y la innovaci\u00f3n en pol\u00edticas p\u00fablicas.<\/p>\n\n\n\n<p>La inauguraci\u00f3n correr\u00e1 a cargo de <a href=\"https:\/\/cabildo.grancanaria.com\/w\/ra%C3%BAl-salvador-garc%C3%ADa-brink\"><strong>Ra\u00fal Garc\u00eda Brink<\/strong><\/a>, consejero de Medio Ambiente, Clima, Energ\u00eda y Conocimiento del Cabildo de Gran Canaria, quien contextualizar\u00e1 el papel estrat\u00e9gico de la isla en materia de resiliencia costera. A continuaci\u00f3n, intervendr\u00e1 <strong>Adri\u00e1n\u00a0Noheda<\/strong>, project manager y experto en financiaci\u00f3n europea de la Fundaci\u00f3n\u00a0Finnova, quien ofrecer\u00e1 una breve introducci\u00f3n sobre las oportunidades del Programa LIFE y el papel de la cooperaci\u00f3n europea en la adaptaci\u00f3n clim\u00e1tica.<\/p>\n\n\n\n<p>El primer bloque, orientado al an\u00e1lisis t\u00e9cnico y cient\u00edfico, estar\u00e1 moderado por <strong>Patricia Caro Ruiz<\/strong>, gestora de proyectos del Instituto de Oceanograf\u00eda y Cambio Global (<a href=\"https:\/\/iocag.ulpgc.es\/\">IOCAG<\/a>). Las intervenciones abordar\u00e1n el avance metodol\u00f3gico del proyecto LIFE COSTAdapta, las din\u00e1micas actuales del litoral grancanario y los retos vinculados al ascenso del nivel del mar. Participar\u00e1n <strong>Cecilia Ribalaygua Batalla<\/strong>, de la <a href=\"https:\/\/web.unican.es\/\">Universidad de Cantabria<\/a>; <strong>Leire Fern\u00e1ndez Prieto<\/strong>, de <a href=\"https:\/\/www.linkedin.com\/in\/raleyestudioscosteros\/?originalSubdomain=es\">Raley Estudios Costeros<\/a>; <strong>Aridane Gonz\u00e1lez Gonz\u00e1lez<\/strong>, de la Universidad de Las Palmas de Gran Canaria (<a href=\"https:\/\/www10.ulpgc.es\/\">ULPGC<\/a>); y <strong>Gustavo Pestana P\u00e9rez<\/strong>, responsable de Cambio Clim\u00e1tico del <a href=\"https:\/\/www.gobiernodecanarias.org\/principal\/\">Gobierno de Canarias.<\/a><\/p>\n\n\n\n<p>El segundo bloque adoptar\u00e1 un formato de mesa redonda y ofrecer\u00e1 una revisi\u00f3n de experiencias y proyectos europeos de adaptaci\u00f3n costera. La moderaci\u00f3n estar\u00e1 a cargo de <strong>Adri\u00e1n Noheda<\/strong>, project manager de <a href=\"https:\/\/finnova.eu\/\">Fundaci\u00f3n Finnova<\/a>. Intervendr\u00e1n especialistas de los proyectos <a href=\"https:\/\/www.natalieproject.eu\/\">NATALIE<\/a>, <a href=\"https:\/\/cordis.europa.eu\/project\/id\/101086091\">Blue Green Governance<\/a>, <a href=\"https:\/\/proyectoimplacost.org\/\">IMPLACOST<\/a>, <a href=\"https:\/\/masdunas.es\/\">MasDunas<\/a> y Las Galletas, junto a personal t\u00e9cnico de LIFE COSTAdapta. Entre los ponentes figuran <strong>Rafael Herrera Checa, Gustavo Pestana, Aridane Gonz\u00e1lez, Jes\u00fas Gonz\u00e1lez Navarro, Marta Mart\u00ednez P\u00e9rez y Patricia Caro Ruiz.<\/strong><\/p>\n\n\n\n<p>Esta jornada pretende consolidar un espacio de reflexi\u00f3n colectiva sobre la transici\u00f3n necesaria hacia un litoral m\u00e1s resiliente. Asimismo, busca acercar a la ciudadan\u00eda y a los agentes locales los objetivos de LIFE COSTAdapta y resolver dudas relacionadas con el uso de la costa, garantizando que la adaptaci\u00f3n no afectar\u00e1 al disfrute habitual de las playas y mantendr\u00e1 la identidad costera de Gran Canaria.<\/p>\n\n\n\n<p>LIFE COSTAdapta avanza en el dise\u00f1o de un sistema progresivo de arrecifes y charcos de marea de car\u00e1cter innovador destinado a proteger zonas vulnerables frente al aumento del nivel del mar. El proyecto cuenta con un presupuesto total de <strong>3.337.563 euros<\/strong>, de los cuales <strong>2.002.538 euros<\/strong> est\u00e1n cofinanciados por la Uni\u00f3n Europea a trav\u00e9s del <strong>Programa LIFE.<\/strong> El consorcio est\u00e1 formado por el <strong>CIEGC, la Universidad de Las Palmas de Gran Canaria, la Universidad de Cantabria, INGECID, Raley Estudios Costeros, ECOncrete AQUA, la Fundaci\u00f3n Canaria para el Reciclaje y el Desarrollo Sostenible y la Fundaci\u00f3n Finnova.<\/strong><\/p>\n\n\n\n<p>La asistencia a la jornada es gratuita, <strong>con aforo limitado<\/strong> y requiere inscripci\u00f3n previa mediante el formulario habilitado en el siguiente enlace:&nbsp; <a href=\"https:\/\/www.eventbrite.es\/e\/i-jornada-de-adaptacion-costera-el-proyecto-life-costadapta-tickets-1360524187469#:~:text=Eventbrite%20-%20Finnova%20presents%20I%20Jornada%20de%20Adaptaci%C3%B3n,Gran%20Canaria%2C%20CN.%20Find%20event%20and%20ticket%20information.\">I Jornada de Adaptaci\u00f3n Costera: el Proyecto LIFE COSTAdapta Tickets, Tue, Nov 25, 2025 at 9:00 AM | Eventbrite<\/a><\/p>\n\n\n\n<p>Programa Completo:<\/p>\n\n\n\n<figure class=\"wp-block-image size-full\"><img fetchpriority=\"high\" decoding=\"async\" width=\"637\" height=\"901\" src=\"https:\/\/costadapta.energiagrancanaria.com\/wp-content\/uploads\/2025\/11\/image.png\" alt=\"\" class=\"wp-image-1640\" srcset=\"https:\/\/costadapta.energiagrancanaria.com\/wp-content\/uploads\/2025\/11\/image.png 637w, https:\/\/costadapta.energiagrancanaria.com\/wp-content\/uploads\/2025\/11\/image-212x300.png 212w\" sizes=\"(max-width: 637px) 100vw, 637px\" \/><\/figure>\n\n\n\n<figure class=\"wp-block-image size-large\"><img decoding=\"async\" width=\"723\" height=\"1024\" src=\"https:\/\/costadapta.energiagrancanaria.com\/wp-content\/uploads\/2025\/11\/image-723x1024.jpg\" alt=\"\" class=\"wp-image-1623\" srcset=\"https:\/\/costadapta.energiagrancanaria.com\/wp-content\/uploads\/2025\/11\/image-723x1024.jpg 723w, https:\/\/costadapta.energiagrancanaria.com\/wp-content\/uploads\/2025\/11\/image-212x300.jpg 212w, https:\/\/costadapta.energiagrancanaria.com\/wp-content\/uploads\/2025\/11\/image.jpg 739w\" sizes=\"(max-width: 723px) 100vw, 723px\" \/><\/figure>\n","protected":false},"excerpt":{"rendered":"<p>La isla acoger\u00e1 el 25 de noviembre una jornada t\u00e9cnica presencial que reunir\u00e1 a expertos, administraciones y ciudadan\u00eda para abordar soluciones de resiliencia frente al cambio clim\u00e1tico Las Palmas de Gran Canaria, 14 de noviembre de 2025. El proyecto europeo LIFE COSTAdapta celebrar\u00e1 el pr\u00f3ximo martes 25 de noviembre la Primera Jornada de Adaptaci\u00f3n Costera [&hellip;]<\/p>\n","protected":false},"author":1,"featured_media":1625,"comment_status":"open","ping_status":"open","sticky":false,"template":"","format":"standard","meta":{"_monsterinsights_skip_tracking":false,"_monsterinsights_sitenote_active":false,"_monsterinsights_sitenote_note":"","_monsterinsights_sitenote_category":0,"footnotes":""},"categories":[1],"tags":[],"class_list":["post-1622","post","type-post","status-publish","format-standard","has-post-thumbnail","hentry","category-noticias"],"_links":{"self":[{"href":"https:\/\/costadapta.energiagrancanaria.com\/index.php?rest_route=\/wp\/v2\/posts\/1622","targetHints":{"allow":["GET"]}}],"collection":[{"href":"https:\/\/costadapta.energiagrancanaria.com\/index.php?rest_route=\/wp\/v2\/posts"}],"about":[{"href":"https:\/\/costadapta.energiagrancanaria.com\/index.php?rest_route=\/wp\/v2\/types\/post"}],"author":[{"embeddable":true,"href":"https:\/\/costadapta.energiagrancanaria.com\/index.php?rest_route=\/wp\/v2\/users\/1"}],"replies":[{"embeddable":true,"href":"https:\/\/costadapta.energiagrancanaria.com\/index.php?rest_route=%2Fwp%2Fv2%2Fcomments&post=1622"}],"version-history":[{"count":3,"href":"https:\/\/costadapta.energiagrancanaria.com\/index.php?rest_route=\/wp\/v2\/posts\/1622\/revisions"}],"predecessor-version":[{"id":1641,"href":"https:\/\/costadapta.energiagrancanaria.com\/index.php?rest_route=\/wp\/v2\/posts\/1622\/revisions\/1641"}],"wp:featuredmedia":[{"embeddable":true,"href":"https:\/\/costadapta.energiagrancanaria.com\/index.php?rest_route=\/wp\/v2\/media\/1625"}],"wp:attachment":[{"href":"https:\/\/costadapta.energiagrancanaria.com\/index.php?rest_route=%2Fwp%2Fv2%2Fmedia&parent=1622"}],"wp:term":[{"taxonomy":"category","embeddable":true,"href":"https:\/\/costadapta.energiagrancanaria.com\/index.php?rest_route=%2Fwp%2Fv2%2Fcategories&post=1622"},{"taxonomy":"post_tag","embeddable":true,"href":"https:\/\/costadapta.energiagrancanaria.com\/index.php?rest_route=%2Fwp%2Fv2%2Ftags&post=1622"}],"curies":[{"name":"wp","href":"https:\/\/api.w.org\/{rel}","templated":true}]}}