{"id":1645,"date":"2025-11-21T08:53:12","date_gmt":"2025-11-21T08:53:12","guid":{"rendered":"https:\/\/costadapta.energiagrancanaria.com\/?p=1645"},"modified":"2025-11-21T08:53:13","modified_gmt":"2025-11-21T08:53:13","slug":"life-costadapta-celebra-su-segunda-reunion-de-consorcio-con-la-participacion-de-elmen","status":"publish","type":"post","link":"https:\/\/costadapta.energiagrancanaria.com\/?p=1645","title":{"rendered":"LIFE COSTAdapta celebra su segunda reuni\u00f3n de consorcio con la participaci\u00f3n de ELMEN"},"content":{"rendered":"\n<h3 class=\"wp-block-heading\"><strong>El proyecto organiza el pr\u00f3ximo martes la Jornada de Adaptaci\u00f3n Costera al Cambio Clim\u00e1tico en el marco de la EU Region Week<\/strong><\/h3>\n\n\n\n<p><strong>Bruselas, 20 de noviembre de 2025.<\/strong> El proyecto europeo LIFE COSTAdapta celebrar\u00e1 el lunes 24 de noviembre su segunda reuni\u00f3n de consorcio presencial en la sede del Consejo Insular de la Energ\u00eda de Gran Canaria (CIEGC). La sesi\u00f3n reunir\u00e1 a todas las entidades socias para revisar el avance t\u00e9cnico y operativo del proyecto y para coordinar los pr\u00f3ximos pasos hacia la adaptaci\u00f3n de la costa de Gran Canaria al aumento del nivel del mar.<\/p>\n\n\n\n<p>La reuni\u00f3n comenzar\u00e1 con la bienvenida institucional de <strong>Alexis Lozano<\/strong>, director de Energ\u00eda y Clima del CIEGC. Posteriormente, intervendr\u00e1 <strong>Sara Barcel\u00f3<\/strong>, representante de <strong>ELMEN<\/strong> y monitora asignada por el Programa LIFE, quien ofrecer\u00e1 una valoraci\u00f3n t\u00e9cnica del progreso del proyecto desde la perspectiva del \u00f3rgano supervisor europeo.<\/p>\n\n\n\n<p>Durante la jornada, cada socio expondr\u00e1 el estado actual de los distintos componentes del proyecto. <strong>Patricia Caro<\/strong>, de la Universidad de Las Palmas de Gran Canaria (ULPGC), presentar\u00e1 la coordinaci\u00f3n general y la evoluci\u00f3n de las tareas de gesti\u00f3n. <strong>Rakel Ramos Pereda<\/strong>, de Raley Estudios Costeros, y <strong>Cecilia Ribalaygua<\/strong>, de la Universidad de Cantabria, explicar\u00e1n las acciones preparatorias vinculadas al estudio del comportamiento del litoral. El bloque dedicado al desarrollo de soluciones tecnol\u00f3gicas y ambientales contar\u00e1 con las presentaciones de <strong>I\u00f1aki P\u00e9rez<\/strong> (ULPGC) y <strong>Leire Fern\u00e1ndez Prieto<\/strong> (Raley Estudios Costeros).<\/p>\n\n\n\n<p>La secci\u00f3n centrada en la aplicaci\u00f3n de las soluciones innovadoras ser\u00e1 presentada por <strong>Nuria P\u00e9rez<\/strong>, de INGECID, mientras que las actividades de validaci\u00f3n y monitorizaci\u00f3n permanecer\u00e1n bajo la responsabilidad de <strong>Patricia Caro<\/strong>. Finalmente, <strong>Yolanda Dur\u00e1n<\/strong> y <strong>Adri\u00e1n Noheda<\/strong>, de la Fundaci\u00f3n Finnova, expondr\u00e1n los avances en comunicaci\u00f3n, participaci\u00f3n, replicabilidad y sostenibilidad del proyecto.<\/p>\n\n\n\n<p>De forma paralela, el consorcio anuncia que el pr\u00f3ximo <strong>martes 25 de noviembre<\/strong> se celebrar\u00e1 la <strong>1\u00aa Jornada de Adaptaci\u00f3n Costera al Cambio Clim\u00e1tico en Regiones Insulares<\/strong>, integrada en el programa oficial de la <strong>European Week of Regions and Cities (EU Region Week)<\/strong>. La jornada contar\u00e1 con ponentes expertos, administraciones p\u00fablicas, investigadores y entidades dedicadas a la adaptaci\u00f3n clim\u00e1tica en territorios costeros y regiones insulares.<\/p>\n\n\n\n<p>Las inscripciones contin\u00faan abiertas, aunque est\u00e1n pr\u00f3ximas a cerrarse. Las personas interesadas pueden registrarse mediante el siguiente enlace:<br><a href=\"https:\/\/www.eventbrite.es\/e\/i-jornada-de-adaptacion-costera-el-proyecto-life-costadapta-tickets-1360524187469\"><strong>https:\/\/www.eventbrite.es\/e\/i-jornada-de-adaptacion-costera-el-proyecto-life-costadapta-tickets-1360524187469<\/strong><\/a><\/p>\n\n\n\n<p>LIFE COSTAdapta cuenta con un presupuesto total de <strong>3.337.563 euros<\/strong>, de los cuales <strong>2.002.538 euros<\/strong> est\u00e1n subvencionados por la Uni\u00f3n Europea a trav\u00e9s del Programa LIFE. El proyecto tiene una duraci\u00f3n de 84 meses y est\u00e1 coordinado por el Consejo Insular de la Energ\u00eda de Gran Canaria, con la participaci\u00f3n de la ULPGC, la Universidad de Cantabria, INGECID, Raley Estudios Costeros, ECOncrete AQUA, la Fundaci\u00f3n Canaria para el Reciclaje y Desarrollo Sostenible y la Fundaci\u00f3n Finnova.<\/p>\n\n\n\n<p>M\u00e1s informaci\u00f3n: <a href=\"https:\/\/costadapta.energiagrancanaria.com\/\">https:\/\/costadapta.energiagrancanaria.com<\/a><\/p>\n\n\n\n<figure class=\"wp-block-image size-full\"><img fetchpriority=\"high\" decoding=\"async\" width=\"664\" height=\"939\" src=\"https:\/\/costadapta.energiagrancanaria.com\/wp-content\/uploads\/2025\/11\/image-2.png\" alt=\"\" class=\"wp-image-1646\" srcset=\"https:\/\/costadapta.energiagrancanaria.com\/wp-content\/uploads\/2025\/11\/image-2.png 664w, https:\/\/costadapta.energiagrancanaria.com\/wp-content\/uploads\/2025\/11\/image-2-212x300.png 212w\" sizes=\"(max-width: 664px) 100vw, 664px\" \/><\/figure>\n","protected":false},"excerpt":{"rendered":"<p>El proyecto organiza el pr\u00f3ximo martes la Jornada de Adaptaci\u00f3n Costera al Cambio Clim\u00e1tico en el marco de la EU Region Week Bruselas, 20 de noviembre de 2025. El proyecto europeo LIFE COSTAdapta celebrar\u00e1 el lunes 24 de noviembre su segunda reuni\u00f3n de consorcio presencial en la sede del Consejo Insular de la Energ\u00eda de [&hellip;]<\/p>\n","protected":false},"author":2,"featured_media":1647,"comment_status":"open","ping_status":"open","sticky":false,"template":"","format":"standard","meta":{"_monsterinsights_skip_tracking":false,"_monsterinsights_sitenote_active":false,"_monsterinsights_sitenote_note":"","_monsterinsights_sitenote_category":0,"footnotes":""},"categories":[1],"tags":[],"class_list":["post-1645","post","type-post","status-publish","format-standard","has-post-thumbnail","hentry","category-noticias"],"_links":{"self":[{"href":"https:\/\/costadapta.energiagrancanaria.com\/index.php?rest_route=\/wp\/v2\/posts\/1645","targetHints":{"allow":["GET"]}}],"collection":[{"href":"https:\/\/costadapta.energiagrancanaria.com\/index.php?rest_route=\/wp\/v2\/posts"}],"about":[{"href":"https:\/\/costadapta.energiagrancanaria.com\/index.php?rest_route=\/wp\/v2\/types\/post"}],"author":[{"embeddable":true,"href":"https:\/\/costadapta.energiagrancanaria.com\/index.php?rest_route=\/wp\/v2\/users\/2"}],"replies":[{"embeddable":true,"href":"https:\/\/costadapta.energiagrancanaria.com\/index.php?rest_route=%2Fwp%2Fv2%2Fcomments&post=1645"}],"version-history":[{"count":1,"href":"https:\/\/costadapta.energiagrancanaria.com\/index.php?rest_route=\/wp\/v2\/posts\/1645\/revisions"}],"predecessor-version":[{"id":1648,"href":"https:\/\/costadapta.energiagrancanaria.com\/index.php?rest_route=\/wp\/v2\/posts\/1645\/revisions\/1648"}],"wp:featuredmedia":[{"embeddable":true,"href":"https:\/\/costadapta.energiagrancanaria.com\/index.php?rest_route=\/wp\/v2\/media\/1647"}],"wp:attachment":[{"href":"https:\/\/costadapta.energiagrancanaria.com\/index.php?rest_route=%2Fwp%2Fv2%2Fmedia&parent=1645"}],"wp:term":[{"taxonomy":"category","embeddable":true,"href":"https:\/\/costadapta.energiagrancanaria.com\/index.php?rest_route=%2Fwp%2Fv2%2Fcategories&post=1645"},{"taxonomy":"post_tag","embeddable":true,"href":"https:\/\/costadapta.energiagrancanaria.com\/index.php?rest_route=%2Fwp%2Fv2%2Ftags&post=1645"}],"curies":[{"name":"wp","href":"https:\/\/api.w.org\/{rel}","templated":true}]}}