{"id":1723,"date":"2025-11-26T16:30:05","date_gmt":"2025-11-26T16:30:05","guid":{"rendered":"https:\/\/costadapta.energiagrancanaria.com\/?p=1723"},"modified":"2026-01-09T16:35:38","modified_gmt":"2026-01-09T16:35:38","slug":"gran-canaria-se-convierte-en-referencia-europea-en-adaptacion-costera","status":"publish","type":"post","link":"https:\/\/costadapta.energiagrancanaria.com\/?p=1723","title":{"rendered":"Gran Canaria se convierte en referencia europea en adaptaci\u00f3n costera"},"content":{"rendered":"\n<p>Gran Canaria acoge la Jornada de Adaptaci\u00f3n Costera al Cambio Clim\u00e1tico del Programa LIFE (CINEA) donde la isla explica la implantaci\u00f3n de soluciones basadas en la naturaleza.<\/p>\n\n\n\n<p>El&nbsp;<strong>Cabildo de Gran Canaria<\/strong>&nbsp;y la&nbsp;<strong>Agencia Ejecutiva Europea<\/strong>&nbsp;responsable de la implementaci\u00f3n del&nbsp;<strong>Programa LIFE (CINEA)<\/strong>&nbsp;encabezaron la Primera Jornada de Adaptaci\u00f3n Costera al Cambio Clim\u00e1tico en Regiones Insulares, organizada por el proyecto LIFE COSTAdapta, en un encuentro que reuni\u00f3 a administraciones p\u00fablicas, especialistas europeos, universidades y ciudadan\u00eda en la sede del Consejo Insular de la Energ\u00eda de Gran Canaria (CIEGC).<\/p>\n\n\n\n<p>Puede ver la noticia completa en : <a href=\"https:\/\/rtvc.es\/gran-canaria-se-convierte-en-referencia-europea-en-adaptacion-costera-26-noviembre-2025\/\">https:\/\/rtvc.es\/gran-canaria-se-convierte-en-referencia-europea-en-adaptacion-costera-26-noviembre-2025\/<\/a><\/p>\n","protected":false},"excerpt":{"rendered":"<p>Gran Canaria acoge la Jornada de Adaptaci\u00f3n Costera al Cambio Clim\u00e1tico del Programa LIFE (CINEA) donde la isla explica la implantaci\u00f3n de soluciones basadas en la naturaleza. El&nbsp;Cabildo de Gran Canaria&nbsp;y la&nbsp;Agencia Ejecutiva Europea&nbsp;responsable de la implementaci\u00f3n del&nbsp;Programa LIFE (CINEA)&nbsp;encabezaron la Primera Jornada de Adaptaci\u00f3n Costera al Cambio Clim\u00e1tico en Regiones Insulares, organizada por el [&hellip;]<\/p>\n","protected":false},"author":1,"featured_media":1727,"comment_status":"open","ping_status":"open","sticky":false,"template":"","format":"standard","meta":{"_monsterinsights_skip_tracking":false,"_monsterinsights_sitenote_active":false,"_monsterinsights_sitenote_note":"","_monsterinsights_sitenote_category":0,"footnotes":""},"categories":[108],"tags":[],"class_list":["post-1723","post","type-post","status-publish","format-standard","has-post-thumbnail","hentry","category-externas"],"_links":{"self":[{"href":"https:\/\/costadapta.energiagrancanaria.com\/index.php?rest_route=\/wp\/v2\/posts\/1723","targetHints":{"allow":["GET"]}}],"collection":[{"href":"https:\/\/costadapta.energiagrancanaria.com\/index.php?rest_route=\/wp\/v2\/posts"}],"about":[{"href":"https:\/\/costadapta.energiagrancanaria.com\/index.php?rest_route=\/wp\/v2\/types\/post"}],"author":[{"embeddable":true,"href":"https:\/\/costadapta.energiagrancanaria.com\/index.php?rest_route=\/wp\/v2\/users\/1"}],"replies":[{"embeddable":true,"href":"https:\/\/costadapta.energiagrancanaria.com\/index.php?rest_route=%2Fwp%2Fv2%2Fcomments&post=1723"}],"version-history":[{"count":1,"href":"https:\/\/costadapta.energiagrancanaria.com\/index.php?rest_route=\/wp\/v2\/posts\/1723\/revisions"}],"predecessor-version":[{"id":1728,"href":"https:\/\/costadapta.energiagrancanaria.com\/index.php?rest_route=\/wp\/v2\/posts\/1723\/revisions\/1728"}],"wp:featuredmedia":[{"embeddable":true,"href":"https:\/\/costadapta.energiagrancanaria.com\/index.php?rest_route=\/wp\/v2\/media\/1727"}],"wp:attachment":[{"href":"https:\/\/costadapta.energiagrancanaria.com\/index.php?rest_route=%2Fwp%2Fv2%2Fmedia&parent=1723"}],"wp:term":[{"taxonomy":"category","embeddable":true,"href":"https:\/\/costadapta.energiagrancanaria.com\/index.php?rest_route=%2Fwp%2Fv2%2Fcategories&post=1723"},{"taxonomy":"post_tag","embeddable":true,"href":"https:\/\/costadapta.energiagrancanaria.com\/index.php?rest_route=%2Fwp%2Fv2%2Ftags&post=1723"}],"curies":[{"name":"wp","href":"https:\/\/api.w.org\/{rel}","templated":true}]}}