{"id":1806,"date":"2026-03-09T08:19:32","date_gmt":"2026-03-09T08:19:32","guid":{"rendered":"https:\/\/costadapta.energiagrancanaria.com\/?p=1806"},"modified":"2026-03-16T08:59:42","modified_gmt":"2026-03-16T08:59:42","slug":"life-costadapta-se-alinea-con-la-nueva-estrategia-de-observacion-marina-de-la-comision-europea-en-bruselas","status":"publish","type":"post","link":"https:\/\/costadapta.energiagrancanaria.com\/?p=1806","title":{"rendered":"LIFE COSTAdapta se alinea con la nueva estrategia de observaci\u00f3n marina de la Comisi\u00f3n Europea en Bruselas"},"content":{"rendered":"\n<p>El proyecto, representado por la Fundaci\u00f3n Finnova en los European Ocean Days, refuerza alianzas con l\u00edderes de la DG MARE, Copernicus y EMODnet para impulsar la resiliencia costera basada en datos<\/p>\n\n\n\n<p>Bruselas, 9 de marzo de 2026. El proyecto <strong>LIFE COSTAdapta<\/strong>, cofinanciado por el programa LIFE de la Uni\u00f3n Europea, cerr\u00f3 la pasada semana su participaci\u00f3n en los <strong>European Ocean Days<\/strong>, celebrados en Bruselas y organizados por la <strong>Comisi\u00f3n Europea<\/strong>. Este encuentro anual reuni\u00f3 a los principales actores de la gobernanza oce\u00e1nica, la econom\u00eda azul y la observaci\u00f3n marina en la Uni\u00f3n Europea.<\/p>\n\n\n\n<p>La semana estuvo marcada por el anuncio de la presidenta de la Comisi\u00f3n Europea, <strong>Ursula von der Leyen<\/strong>, quien present\u00f3 <strong>OceanEye<\/strong>, una nueva red global de observaci\u00f3n destinada a cerrar brechas de datos marinos y mejorar la capacidad de anticipaci\u00f3n frente a eventos extremos. Von der Leyen subray\u00f3 que \u201cla base de nuestro \u00e9xito es la ciencia\u201d, destacando el papel de los sensores y los datos precisos para proteger hogares y econom\u00edas.<\/p>\n\n\n\n<p>En la apertura de las jornadas, <strong>Delilah al Khudhairy<\/strong>, directora de Maritime Policy and Blue Economy, insisti\u00f3 en la necesidad de una mayor coordinaci\u00f3n entre pa\u00edses, un mensaje que conecta directamente con los objetivos de resiliencia de COSTAdapta.<\/p>\n\n\n\n<h3 class=\"wp-block-heading\"><strong>Encuentros estrat\u00e9gicos al m\u00e1s alto nivel<\/strong><\/h3>\n\n\n\n<p>El proyecto estuvo representado por <strong>Pilar Santamar\u00eda<\/strong>, directora de Comunicaci\u00f3n de la <strong>Fundaci\u00f3n Finnova<\/strong>, y <strong>Elisenda For\u00e9s<\/strong>, junior en Comunicaci\u00f3n. Gracias a la presencia permanente de Finnova en Bruselas, COSTAdapta desarroll\u00f3 una intensa agenda orientada a alinear su innovaci\u00f3n en Gran Canaria con las prioridades europeas en observaci\u00f3n marina y datos.<\/p>\n\n\n\n<p>Durante la semana, el equipo mantuvo reuniones estrat\u00e9gicas con representantes clave de la Comisi\u00f3n Europea y agencias t\u00e9cnicas:<\/p>\n\n\n\n<ul class=\"wp-block-list\">\n<li><strong>Andreea Strachinescu<\/strong>, Head of Unit en <strong>DG MARE<\/strong> (Maritime Innovation, Marine Knowledge and Investment).<\/li>\n\n\n\n<li><strong>Jacques Delsalle<\/strong>, Policy Officer en <strong>DG ENV<\/strong> (Directorate-General for Environment).<\/li>\n\n\n\n<li><strong>Kestutis Sadauskas<\/strong>, Deputy Director-General en <strong>DG MARE<\/strong>.<\/li>\n\n\n\n<li><strong>Jose Miguel Rubio Iglesias<\/strong>, Coordinator of In-Situ Component en <strong>Copernicus<\/strong> (European Environment Agency).<\/li>\n\n\n\n<li><strong>Matteo Mikos<\/strong>, Junior GIS Project Officer en <strong>EMODnet<\/strong>.<\/li>\n<\/ul>\n\n\n\n<p>Los interlocutores coincidieron en que la protecci\u00f3n del litoral europeo requiere no solo soluciones t\u00e9cnicas, sino tambi\u00e9n una <strong>coordinaci\u00f3n real entre regiones marinas<\/strong> y un <strong>intercambio de datos eficaz<\/strong> que conecte lo local con lo global. Esta visi\u00f3n valida la metodolog\u00eda de <strong>Arrecifes\u2013Charcos de Marea (Tidal Pool-Reef)<\/strong> de COSTAdapta, basada en monitorizaci\u00f3n cient\u00edfica y soluciones basadas en la naturaleza.<\/p>\n\n\n\n<p>La participaci\u00f3n en los European Ocean Days permiti\u00f3 consolidar alianzas con la agencia <strong>CINEA<\/strong> y otros actores del ecosistema marino, reforzando el papel de COSTAdapta como proyecto de referencia en adaptaci\u00f3n costera y gobernanza oce\u00e1nica en la Uni\u00f3n Europea.<\/p>\n\n\n\n<p><strong>Sobre LIFE COSTAdapta<\/strong><\/p>\n\n\n\n<p>El proyecto cuenta con un presupuesto de <strong>3 337 563 EUR<\/strong>, cofinanciado por el programa LIFE de la Uni\u00f3n Europea. El consorcio est\u00e1 formado por: <strong>EnergiaGran<\/strong>, Universidad de Las Palmas de Gran Canaria (<strong>ULPGC<\/strong>), Universidad de Cantabria, <strong>Ingecid<\/strong>, <strong>Raley<\/strong>, <strong>Econcrete<\/strong>, <strong>Canarias Recicla<\/strong> y <strong>Finnova<\/strong>.<\/p>\n","protected":false},"excerpt":{"rendered":"<p>El proyecto, representado por la Fundaci\u00f3n Finnova en los European Ocean Days, refuerza alianzas con l\u00edderes de la DG MARE, Copernicus y EMODnet para impulsar la resiliencia costera basada en datos Bruselas, 9 de marzo de 2026. El proyecto LIFE COSTAdapta, cofinanciado por el programa LIFE de la Uni\u00f3n Europea, cerr\u00f3 la pasada semana su [&hellip;]<\/p>\n","protected":false},"author":1,"featured_media":1808,"comment_status":"open","ping_status":"open","sticky":false,"template":"","format":"standard","meta":{"_monsterinsights_skip_tracking":false,"_monsterinsights_sitenote_active":false,"_monsterinsights_sitenote_note":"","_monsterinsights_sitenote_category":0,"footnotes":""},"categories":[1],"tags":[],"class_list":["post-1806","post","type-post","status-publish","format-standard","has-post-thumbnail","hentry","category-noticias"],"_links":{"self":[{"href":"https:\/\/costadapta.energiagrancanaria.com\/index.php?rest_route=\/wp\/v2\/posts\/1806","targetHints":{"allow":["GET"]}}],"collection":[{"href":"https:\/\/costadapta.energiagrancanaria.com\/index.php?rest_route=\/wp\/v2\/posts"}],"about":[{"href":"https:\/\/costadapta.energiagrancanaria.com\/index.php?rest_route=\/wp\/v2\/types\/post"}],"author":[{"embeddable":true,"href":"https:\/\/costadapta.energiagrancanaria.com\/index.php?rest_route=\/wp\/v2\/users\/1"}],"replies":[{"embeddable":true,"href":"https:\/\/costadapta.energiagrancanaria.com\/index.php?rest_route=%2Fwp%2Fv2%2Fcomments&post=1806"}],"version-history":[{"count":1,"href":"https:\/\/costadapta.energiagrancanaria.com\/index.php?rest_route=\/wp\/v2\/posts\/1806\/revisions"}],"predecessor-version":[{"id":1809,"href":"https:\/\/costadapta.energiagrancanaria.com\/index.php?rest_route=\/wp\/v2\/posts\/1806\/revisions\/1809"}],"wp:featuredmedia":[{"embeddable":true,"href":"https:\/\/costadapta.energiagrancanaria.com\/index.php?rest_route=\/wp\/v2\/media\/1808"}],"wp:attachment":[{"href":"https:\/\/costadapta.energiagrancanaria.com\/index.php?rest_route=%2Fwp%2Fv2%2Fmedia&parent=1806"}],"wp:term":[{"taxonomy":"category","embeddable":true,"href":"https:\/\/costadapta.energiagrancanaria.com\/index.php?rest_route=%2Fwp%2Fv2%2Fcategories&post=1806"},{"taxonomy":"post_tag","embeddable":true,"href":"https:\/\/costadapta.energiagrancanaria.com\/index.php?rest_route=%2Fwp%2Fv2%2Ftags&post=1806"}],"curies":[{"name":"wp","href":"https:\/\/api.w.org\/{rel}","templated":true}]}}