{"id":614,"date":"2023-12-15T11:57:22","date_gmt":"2023-12-15T11:57:22","guid":{"rendered":"https:\/\/costadata.es\/?p=614"},"modified":"2023-12-15T11:57:23","modified_gmt":"2023-12-15T11:57:23","slug":"la-subida-del-nivel-del-mar-en-el-centro-del-debate-de-la-cop-28","status":"publish","type":"post","link":"https:\/\/costadapta.energiagrancanaria.com\/?p=614","title":{"rendered":"La subida del nivel del mar, en el centro del debate de la COP 28"},"content":{"rendered":"\n<ul class=\"wp-block-list\">\n<li><strong>Los territorios m\u00e1s vulnerables han insistido en la necesidad de mantener la subida de la temperatura global por debajo de los 1,5 grados<\/strong><\/li>\n\n\n\n<li><strong>LIFE COSTAdapta es un proyecto que apuesta por la protecci\u00f3n de las costas ante la subida del nivel del mar<\/strong><\/li>\n<\/ul>\n\n\n\n<p><em>Bruselas, 15 de diciembre 2023.<\/em>La Conferencia de las Naciones Unidas sobre el cambio clim\u00e1tico celebrada en Dubai (tambi\u00e9n conocida como <a href=\"https:\/\/unfccc.int\/es\/cop28\">COP 28<\/a>), se cerr\u00f3 el pasado martes 12 de diciembre con un mensaje de alerta de los pa\u00edses m\u00e1s vulnerables al cambio clim\u00e1tico sobre su eventual desaparici\u00f3n. La constante subida del nivel del mar es la principal amenaza para territorios insulares como Tuvalu, Kiribati o las Islas Fiyi, estados que apenas cuentan con altitud y para los cuales, la lucha contra el cambio clim\u00e1tico ocupa las agendas centrales. Un problema que trata de atajar el proyecto europeo LIFE COSTAdapta cuyo objetivo es abordar la adaptaci\u00f3n de la costa de Gran Canaria al aumento del nivel del mar.<\/p>\n\n\n\n<p>La Alianza de Peque\u00f1os Estados Insulares (<a href=\"https:\/\/www.aosis.org\/\">AOSIS<\/a> por sus siglas en ingl\u00e9s) ha expuesto en esta \u00faltima COP una vez m\u00e1s la imperiosa necesidad de mantener la subida de la temperatura media global por debajo de 1,5 grados. Este ente, que re\u00fane a 39 territorios especialmente vulnerables al cambio clim\u00e1tico, advierte ya que est\u00e1n sufriendo con el actual nivel de calentamiento, y que las p\u00e9rdidas y los da\u00f1os aumentar\u00e1n con cada incremento de la temperatura.&nbsp; \u201cPara nuestras islas, no puede haber alternativa. Esta es nuestra l\u00ednea roja\u201d, se\u00f1alan<\/p>\n\n\n\n<p>Adem\u00e1s, la AOSIS tambi\u00e9n emiti\u00f3 un comunicado criticando algunos aspectos del acuerdo final de esta COP 28. La organizaci\u00f3n lamenta que no se&nbsp; llegado a un compromiso para que se alcance el pico de emisiones en 2025. AOSIS se refiere a la falta de atenci\u00f3n que se le est\u00e1 dando al rigor cient\u00edfico en este aspecto, al no tomar las medidas pertinentes con el fin de actuar en consonancia con lo que la ciencia dice que se debe hacer.<\/p>\n\n\n\n<p>El proyecto LIFE COSTAdapta, que estuvo presente en la COP 28, pretende mostrar los problemas que puede acarrear la subida del nivel del mar en caso de no actuar a tiempo en este aspecto. Precisamente, va en consonancia con el objetivo principal del proyecto LIFE COSTAdapta abordar la adaptaci\u00f3n de la costa de Gran Canaria al aumento del nivel del mar.<\/p>\n\n\n\n<p><strong>Sobre LIFE COSTAdapta<\/strong><\/p>\n\n\n\n<p>El proyecto <strong>LIFE COSTAdapta<\/strong> tiene como objetivo principal abordar la adaptaci\u00f3n de la costa de Gran Canaria al aumento del nivel del mar mediante una metodolog\u00eda innovadora. Para ello, se dise\u00f1ar\u00e1 y ensayar\u00e1 un sistema progresivo de arrecifes-charcos de marea (Tidal pool-reef), que combinar\u00e1 t\u00e9cnicas tradicionales de construcci\u00f3n de charcos de marea con soluciones avanzadas.<br><br>Esto contribuir\u00e1 a la adaptaci\u00f3n progresiva de la costa de Gran Canaria al cambio clim\u00e1tico, crucial dada la alta vulnerabilidad de las Islas Canarias a los impactos clim\u00e1ticos, incluido el aumento del nivel del mar. Adem\u00e1s de fortalecer la resiliencia de las zonas costeras, LIFE COSTAdapta busca conservar h\u00e1bitats caracter\u00edsticos de estas \u00e1reas y proteger la econom\u00eda tur\u00edstica local. El proyecto garantizar\u00e1 la sostenibilidad econ\u00f3mica al ofrecer soluciones frente a inundaciones y al mantener la atracci\u00f3n tur\u00edstica de la regi\u00f3n, lo que a su vez favorecer\u00e1 la estabilidad de la costa.<\/p>\n\n\n\n<p>El proyecto, con una duraci\u00f3n de 7 a\u00f1os y un presupuesto total de <strong>3.409.864 EUR<\/strong> (2.045.818 EUR subvencionados por la Uni\u00f3n Europea a trav\u00e9s del Programa LIFE), est\u00e1 coordinado por el <strong>Consejo Insular de Energ\u00eda de Gran Canaria (<\/strong><a href=\"https:\/\/www.energiagrancanaria.com\/\"><strong>CIEGC<\/strong><\/a><strong>)<\/strong> del Cabildo de Gran Canaria, con el respaldo de sus siete socios.<\/p>\n","protected":false},"excerpt":{"rendered":"<p>Bruselas, 15 de diciembre 2023.La Conferencia de las Naciones Unidas sobre el cambio clim\u00e1tico celebrada en Dubai (tambi\u00e9n conocida como COP 28), se cerr\u00f3 el pasado martes 12 de diciembre con un mensaje de alerta de los pa\u00edses m\u00e1s vulnerables al cambio clim\u00e1tico sobre su eventual desaparici\u00f3n. La constante subida del nivel del mar es [&hellip;]<\/p>\n","protected":false},"author":1,"featured_media":616,"comment_status":"closed","ping_status":"closed","sticky":false,"template":"","format":"standard","meta":{"_monsterinsights_skip_tracking":false,"_monsterinsights_sitenote_active":false,"_monsterinsights_sitenote_note":"","_monsterinsights_sitenote_category":0,"footnotes":""},"categories":[1],"tags":[],"class_list":["post-614","post","type-post","status-publish","format-standard","has-post-thumbnail","hentry","category-noticias"],"_links":{"self":[{"href":"https:\/\/costadapta.energiagrancanaria.com\/index.php?rest_route=\/wp\/v2\/posts\/614","targetHints":{"allow":["GET"]}}],"collection":[{"href":"https:\/\/costadapta.energiagrancanaria.com\/index.php?rest_route=\/wp\/v2\/posts"}],"about":[{"href":"https:\/\/costadapta.energiagrancanaria.com\/index.php?rest_route=\/wp\/v2\/types\/post"}],"author":[{"embeddable":true,"href":"https:\/\/costadapta.energiagrancanaria.com\/index.php?rest_route=\/wp\/v2\/users\/1"}],"replies":[{"embeddable":true,"href":"https:\/\/costadapta.energiagrancanaria.com\/index.php?rest_route=%2Fwp%2Fv2%2Fcomments&post=614"}],"version-history":[{"count":1,"href":"https:\/\/costadapta.energiagrancanaria.com\/index.php?rest_route=\/wp\/v2\/posts\/614\/revisions"}],"predecessor-version":[{"id":617,"href":"https:\/\/costadapta.energiagrancanaria.com\/index.php?rest_route=\/wp\/v2\/posts\/614\/revisions\/617"}],"wp:featuredmedia":[{"embeddable":true,"href":"https:\/\/costadapta.energiagrancanaria.com\/index.php?rest_route=\/wp\/v2\/media\/616"}],"wp:attachment":[{"href":"https:\/\/costadapta.energiagrancanaria.com\/index.php?rest_route=%2Fwp%2Fv2%2Fmedia&parent=614"}],"wp:term":[{"taxonomy":"category","embeddable":true,"href":"https:\/\/costadapta.energiagrancanaria.com\/index.php?rest_route=%2Fwp%2Fv2%2Fcategories&post=614"},{"taxonomy":"post_tag","embeddable":true,"href":"https:\/\/costadapta.energiagrancanaria.com\/index.php?rest_route=%2Fwp%2Fv2%2Ftags&post=614"}],"curies":[{"name":"wp","href":"https:\/\/api.w.org\/{rel}","templated":true}]}}