{"id":789,"date":"2024-06-05T08:04:34","date_gmt":"2024-06-05T08:04:34","guid":{"rendered":"https:\/\/costadapta.energiagrancanaria.com\/?p=789"},"modified":"2024-06-17T08:06:37","modified_gmt":"2024-06-17T08:06:37","slug":"los-arrecifes-charcos-de-marea-propuestos-por-life-costadapta-para-adaptar-la-costa-a-la-subida-del-mar-desempanaran-un-papel-crucial-en-el-medio-ambiente","status":"publish","type":"post","link":"https:\/\/costadapta.energiagrancanaria.com\/?p=789","title":{"rendered":"Los arrecifes-charcos de marea propuestos por LIFE COSTAdapta para adaptar la costa a la subida del mar desempa\u00f1ar\u00e1n un papel crucial en el medio ambiente"},"content":{"rendered":"\n<ul class=\"wp-block-list\">\n<li><em>El proyecto se une hoy, 5 de junio, a la celebraci\u00f3n del D\u00eda Mundial del Medio Ambiente<\/em><\/li>\n\n\n\n<li><em>LIFE COSTAdapta demuestra el compromiso con la protecci\u00f3n del medio ambiente y la promoci\u00f3n de soluciones sostenibles<\/em><\/li>\n<\/ul>\n\n\n\n<p>Hoy nos unimos a la celebraci\u00f3n del D\u00eda Mundial del Medio ambiente, una fecha que nos recuerda la importancia de cuidar y proteger esta fuente de la vida. Un d\u00eda que nos invita a reflexionar sobre la necesidad de arrimar el hombro y contribuir entre todos a un mundo mejor para nosotros y para las futuras generaciones.<\/p>\n\n\n\n<p>En LIFECOSTAdapta nos preocupa el medio ambiente y velamos por su cuidado. Nuestro prop\u00f3sito de adaptar la costa a la subida del mar mediante la construcci\u00f3n de arrecifes-charcos de marea realizados con materiales ecol\u00f3gicos favorecer\u00e1 la preservaci\u00f3n del medio marino y la biodiversidad. Este prototipo es un ecosistema costero importante que ofrece refugio a diversas formas de vida marina, oportunidades para la educaci\u00f3n y la investigaci\u00f3n, y beneficios recreativos.<\/p>\n\n\n\n<p>Por lo que respecta al medio ambiente, desempe\u00f1ar\u00e1 un papel crucial por varias razones:<\/p>\n\n\n\n<ul class=\"wp-block-list\">\n<li><strong>Biodiversidad:<\/strong> Los charcos de marea son h\u00e1bitats temporales para una gran diversidad de organismos, incluyendo algas, moluscos, crust\u00e1ceos, an\u00e9monas, peces peque\u00f1os y varias especies de invertebrados. Ofrecen una oportunidad para estudiar la biodiversidad y las interacciones ecol\u00f3gicas en un espacio reducido.<\/li>\n\n\n\n<li><strong>Laboratorios Naturales: <\/strong>Debido a sus condiciones cambiantes y a su peque\u00f1o tama\u00f1o, los charcos de marea son excelentes para la investigaci\u00f3n cient\u00edfica. Los cient\u00edficos pueden observar directamente c\u00f3mo los organismos responden a factores ambientales como la temperatura, la salinidad y la disponibilidad de ox\u00edgeno.<\/li>\n\n\n\n<li><strong>Educaci\u00f3n y Recreaci\u00f3n:<\/strong> Los charcos de marea son accesibles y atractivos para la educaci\u00f3n ambiental y la recreaci\u00f3n. Pueden inspirar a las personas a aprender m\u00e1s sobre la vida marina y la importancia de conservar los ecosistemas costeros.<\/li>\n\n\n\n<li><strong>Fuentes de Alimento:<\/strong> Muchos organismos dependen de los charcos de marea como una fuente temporal de alimento y refugio. Las aves marinas, por ejemplo, a menudo buscan alimento en estos charcos durante la marea baja.<\/li>\n<\/ul>\n\n\n\n<p>Estos arrecifes no solo proteger\u00e1n contra la erosi\u00f3n costera al calmar las olas y corrientes, sino que tambi\u00e9n fomentar\u00e1n el ecoturismo al atraer visitantes interesados en la sostenibilidad, la naturaleza costera y la biodiversidad local caracter\u00edstica de estas \u00e1reas de Gran Canarias. Adem\u00e1s, el proyecto busca generar conciencia en la comunidad y los visitantes sobre la importancia de la conservaci\u00f3n, agregando valor a la comprensi\u00f3n ecol\u00f3gica local.<\/p>\n\n\n\n<p>LIFE COSTAdapta no solo representa un avance en la adaptaci\u00f3n de la costa al cambio clim\u00e1tico, sino que tambi\u00e9n demuestra el compromiso con la protecci\u00f3n del medio ambiente y la promoci\u00f3n de soluciones sostenibles. En definitiva, busca mantener la compatibilidad del uso residencial y el entorno medioambiental.<\/p>\n\n\n\n<p>\u00a1Hoy, m\u00e1s que nunca, celebremos el d\u00eda del Medio Ambiente!<\/p>\n\n\n\n<p><strong>Sobre LIFE COSTAdapta<\/strong><\/p>\n\n\n\n<p>El proyecto LIFE COSTAdapta tiene como objetivo principal abordar la adaptaci\u00f3n de la costa de Gran Canaria al aumento del nivel del mar mediante una metodolog\u00eda innovadora. Para ello, se dise\u00f1ar\u00e1 y ensayar\u00e1 un sistema progresivo de arrecifes-charcos de marea (Tidal pool-reef), que combinar\u00e1 t\u00e9cnicas tradicionales de construcci\u00f3n de charcos de marea con soluciones avanzadas.<\/p>\n\n\n\n<p>Esto contribuir\u00e1 a la adaptaci\u00f3n progresiva de la costa de Gran Canaria al cambio clim\u00e1tico, crucial dada la alta vulnerabilidad de las Islas Canarias a los impactos clim\u00e1ticos, incluido el aumento del nivel del mar. Adem\u00e1s de fortalecer la resiliencia de las zonas costeras, LIFE COSTAdapta busca conservar h\u00e1bitats caracter\u00edsticos de estas \u00e1reas y proteger la econom\u00eda tur\u00edstica local. El proyecto garantizar\u00e1 la sostenibilidad econ\u00f3mica al ofrecer soluciones frente a inundaciones y al mantener la atracci\u00f3n tur\u00edstica de la regi\u00f3n, lo que a su vez favorecer\u00e1 la estabilidad de la costa.<\/p>\n\n\n\n<p>El proyecto, con una duraci\u00f3n de 7 a\u00f1os y un presupuesto total de 3.409.864 EUR (2.045.818 EUR subvencionados por la Uni\u00f3n Europea a trav\u00e9s del Programa LIFE), est\u00e1 coordinado por el Consejo Insular de Energ\u00eda de Gran Canaria (CIEGC) del Cabildo de Gran Canaria, con el apoyo de 7 socios: Universidad de Las Palmas de Gran Canaria (ULPGC); Universidad de Cantabria (UC); INGECID, Investigaci\u00f3n y Desarrollo de Proyectos; Raley Estudios Costeros S.C.P.; ECOncrete AQUA; Fundaci\u00f3n Canaria para el Reciclaje y Desarrollo Sostenible (FCR) y Fundaci\u00f3n Finnova.<\/p>\n","protected":false},"excerpt":{"rendered":"<p>Hoy nos unimos a la celebraci\u00f3n del D\u00eda Mundial del Medio ambiente, una fecha que nos recuerda la importancia de cuidar y proteger esta fuente de la vida. Un d\u00eda que nos invita a reflexionar sobre la necesidad de arrimar el hombro y contribuir entre todos a un mundo mejor para nosotros y para las [&hellip;]<\/p>\n","protected":false},"author":2,"featured_media":790,"comment_status":"open","ping_status":"open","sticky":false,"template":"","format":"standard","meta":{"_monsterinsights_skip_tracking":false,"_monsterinsights_sitenote_active":false,"_monsterinsights_sitenote_note":"","_monsterinsights_sitenote_category":0,"footnotes":""},"categories":[1],"tags":[],"class_list":["post-789","post","type-post","status-publish","format-standard","has-post-thumbnail","hentry","category-noticias"],"_links":{"self":[{"href":"https:\/\/costadapta.energiagrancanaria.com\/index.php?rest_route=\/wp\/v2\/posts\/789","targetHints":{"allow":["GET"]}}],"collection":[{"href":"https:\/\/costadapta.energiagrancanaria.com\/index.php?rest_route=\/wp\/v2\/posts"}],"about":[{"href":"https:\/\/costadapta.energiagrancanaria.com\/index.php?rest_route=\/wp\/v2\/types\/post"}],"author":[{"embeddable":true,"href":"https:\/\/costadapta.energiagrancanaria.com\/index.php?rest_route=\/wp\/v2\/users\/2"}],"replies":[{"embeddable":true,"href":"https:\/\/costadapta.energiagrancanaria.com\/index.php?rest_route=%2Fwp%2Fv2%2Fcomments&post=789"}],"version-history":[{"count":1,"href":"https:\/\/costadapta.energiagrancanaria.com\/index.php?rest_route=\/wp\/v2\/posts\/789\/revisions"}],"predecessor-version":[{"id":791,"href":"https:\/\/costadapta.energiagrancanaria.com\/index.php?rest_route=\/wp\/v2\/posts\/789\/revisions\/791"}],"wp:featuredmedia":[{"embeddable":true,"href":"https:\/\/costadapta.energiagrancanaria.com\/index.php?rest_route=\/wp\/v2\/media\/790"}],"wp:attachment":[{"href":"https:\/\/costadapta.energiagrancanaria.com\/index.php?rest_route=%2Fwp%2Fv2%2Fmedia&parent=789"}],"wp:term":[{"taxonomy":"category","embeddable":true,"href":"https:\/\/costadapta.energiagrancanaria.com\/index.php?rest_route=%2Fwp%2Fv2%2Fcategories&post=789"},{"taxonomy":"post_tag","embeddable":true,"href":"https:\/\/costadapta.energiagrancanaria.com\/index.php?rest_route=%2Fwp%2Fv2%2Ftags&post=789"}],"curies":[{"name":"wp","href":"https:\/\/api.w.org\/{rel}","templated":true}]}}