{"id":838,"date":"2024-07-12T11:19:00","date_gmt":"2024-07-12T11:19:00","guid":{"rendered":"https:\/\/costadapta.energiagrancanaria.com\/?p=838"},"modified":"2024-07-12T11:25:22","modified_gmt":"2024-07-12T11:25:22","slug":"emprende-tve-informa-del-lanzamiento-del-programa-de-aceleracion-de-innovacion-en-turismo-fu-tourism","status":"publish","type":"post","link":"https:\/\/costadapta.energiagrancanaria.com\/?p=838","title":{"rendered":"El proyecto LIFE COSTAdapta, en la quinta edici\u00f3n de la Uni Clim\u00e1tica centrada en la adaptaci\u00f3n a la crisis clim\u00e1tica"},"content":{"rendered":"\n<ul class=\"wp-block-list\">\n<li><strong><em>La Universidad de las Palmas de Gran Canaria, socio del proyecto, expondr\u00e1 el pr\u00f3ximo martes, 16 de julio a las 17h00, los principales objetivos de LIFE COSTAdapta<\/em><\/strong><\/li>\n\n\n\n<li><strong><em>Una treintena de especialistas en clima, biodiversidad, salud, agricultura, alimentaci\u00f3n, ciudades y agua se dar\u00e1n cita en este evento.<\/em><\/strong><\/li>\n<\/ul>\n\n\n\n<p><br>El proyecto europeo LIFE COSTAdapta estar\u00e1 presente en la&nbsp;<a href=\"https:\/\/launiclimatica.climatica.coop\/\">Uni Clim\u00e1tica,<\/a>&nbsp;un evento que se celebrar\u00e1 del lunes 15 al viernes 19 de julio de 2024 y que estar\u00e1 centrado en la formaci\u00f3n especializada en clima y biodiversidad. En esta quinta edici\u00f3n, la Uni Clim\u00e1tica est\u00e1 dedicada a la&nbsp;<strong>adaptaci\u00f3n frente a los impactos del cambio clim\u00e1tico<\/strong>.<\/p>\n\n\n\n<p>El&nbsp;<strong>pr\u00f3ximo 16 de julio a las 17h00, Patricia Caro Ruiz<\/strong>, de la<strong>&nbsp;Universidad de Las Palmas de Gran Canaria,<\/strong>&nbsp;miembro del equipo de coordinaci\u00f3n del Proyecto LIFE COSTAdapta, expondr\u00e1 el proyecto que busca abordar la adaptaci\u00f3n de la costa de Gran Canaria al aumento del nivel del mar mediante una metodolog\u00eda innovadora: el dise\u00f1o y ensayo de un sistema innovador y progresivo de arrecife-charcos de marea (Tidal pool-reef), que utilice, parcialmente, la t\u00e9cnica tradicional de construcci\u00f3n de charcos de marea, elementos comunes en las Islas Canarias y el resto de la Macaronesia, para la adaptaci\u00f3n costera de Gran Canaria al cambio clim\u00e1tico.<\/p>\n\n\n\n<p>La Uni Clim\u00e1tica, que abre su campus&nbsp;<strong>a partir del 15 de julio de 2024<\/strong>, estar\u00e1 dividida por bloques para abordar la adaptaci\u00f3n desde distintos \u00e1ngulos: clima, biodiversidad, agricultura, alimentaci\u00f3n, salud, ciudades, agua\u2026 Para ello, se celebrar\u00e1n clases magistrales y ponencias a cargo de especialistas de primer nivel con los conceptos e ideas claves sobre c\u00f3mo adaptarse a unos fen\u00f3menos clim\u00e1ticos que ya est\u00e1n ocurriendo. Por otro lado, se presentar\u00e1n testimonios de experiencias y proyectos de adaptaci\u00f3n que sirvan de inspiraci\u00f3n para otras personas, comunidades e instituciones.<\/p>\n\n\n\n<p>Entre los especialistas ya confirmados, destacan el catedr\u00e1tico brit\u00e1nico-canadiense&nbsp;<strong>Ian Burton<\/strong>, pionero a la hora de promover el concepto de adaptaci\u00f3n;&nbsp;<strong>Cristina Linares<\/strong>&nbsp;(Instituto de Salud Carlos III);&nbsp;<strong>Paco Heras<\/strong>&nbsp;(Oficina Espa\u00f1ola de Cambio Clim\u00e1tico)<strong>;<\/strong>&nbsp;<strong>Annelies Broekman<\/strong>&nbsp;(CREAF);&nbsp;<strong>Ana Lancho<\/strong>&nbsp;(Fundaci\u00f3n Biodiversidad);&nbsp;<strong>Jonas Bull<\/strong>&nbsp;(Human Rights Watch);&nbsp;<strong>Ana Terra Amorim-Maia<\/strong>&nbsp;(BC3);&nbsp;<strong>Javier L\u00f3pez Lara<\/strong>&nbsp;(IHCantabria);&nbsp;<strong>Marta G. Rivera-Ferre<\/strong>&nbsp;(INGENIO, CSIC-UPV);&nbsp;<strong>Esteban Rodr\u00edguez&nbsp;<\/strong>(AEMET);&nbsp;<strong>Javier Retana<\/strong>&nbsp;(CREAF);&nbsp;<strong>Patricia Klett&nbsp;<\/strong>(Oficina Espa\u00f1ola de Cambio Clim\u00e1tico); y&nbsp;<strong>Jofre Carnicer&nbsp;<\/strong>(CREAF).<\/p>\n\n\n\n<p><strong>Experiencias pr\u00e1cticas<\/strong><\/p>\n\n\n\n<p>Adem\u00e1s de las clases te\u00f3ricas, habr\u00e1 diversas ponencias pr\u00e1cticas para entender c\u00f3mo es posible llevar a cabo la adaptaci\u00f3n. As\u00ed, el arquitecto&nbsp;<strong>Pascual P\u00e9rez<\/strong>&nbsp;ense\u00f1ar\u00e1 lo necesario para adaptar nuestro hogar y entorno. Y se contar\u00e1 con representantes de diversos proyectos nacionales y europeos de adaptaci\u00f3n&nbsp;<a>como&nbsp;<\/a><a href=\"https:\/\/masdunas.es\/\"><strong>MasDunas<\/strong><\/a>,&nbsp;<a href=\"https:\/\/costadapta.energiagrancanaria.com\/\">LIFE COSTAdapta<\/a>;&nbsp;<a href=\"https:\/\/anecoop.com\/\"><strong>Anecoop, S.Coop<\/strong><\/a>&nbsp;(cooperativa citr\u00edcola);&nbsp;<a href=\"https:\/\/tangente.coop\/bloquesentransicion\/\"><strong>Bloques en Transici\u00f3n<\/strong><\/a>,&nbsp;<a href=\"https:\/\/www.barriosporelclima.org\/\"><strong>Barrios por el clima<\/strong><\/a>,&nbsp;<a href=\"https:\/\/life-mybuildingisgreen.eu\/\"><strong>LIFE-myBUILDINGisGREEN<\/strong><\/a><strong>,&nbsp;<\/strong><a href=\"https:\/\/mountresilience.eu\/\"><strong>MountResilience<\/strong><\/a><strong>,&nbsp;<\/strong>y el proyecto de<a href=\"https:\/\/www.circulobellasartes.com\/actualidad-cba\/refugio-climatico-24\/\"><strong>refugio clim\u00e1tico<\/strong><\/a><strong>&nbsp;del C\u00edrculo de Bellas Artes de Madrid<\/strong>.<\/p>\n\n\n\n<p><strong>Contenidos especiales<\/strong><\/p>\n\n\n\n<p>La Uni Clim\u00e1tica V incluir\u00e1<strong>&nbsp;contenidos especiales que solo se podr\u00e1n disfrutar durante la semana del 15 al 19 de julio,<\/strong>&nbsp;como la participaci\u00f3n en el cine-f\u00f3rum y el contacto directo con las personas especialistas a trav\u00e9s del foro del aula. Adem\u00e1s, habr\u00e1&nbsp;<strong>varias ponencias online en directo<\/strong>, entre ellas, la que impartir\u00e1 el meteor\u00f3logo<strong>&nbsp;Antonio S\u00e1nchez<\/strong>&nbsp;(TelevisaUnivision, Estados Unidos) el mi\u00e9rcoles 17 a las 19:00 (hora Madrid) sobre adaptaci\u00f3n y resiliencia frente a los huracanes.<\/p>\n\n\n\n<p>Pasada esta primera semana, el material formativo seguir\u00e1 disponible sin fecha de caducidad.<\/p>\n\n\n\n<p><strong>Cine-f\u00f3rum clim\u00e1tico<\/strong><\/p>\n\n\n\n<p>Esta edici\u00f3n cuenta con una novedad y es la alianza de&nbsp;<strong>La Uni Clim\u00e1tica con Filmin, la plataforma de cine online<\/strong>. Cada estudiante* recibir\u00e1 con su matr\u00edcula una suscripci\u00f3n gratis de dos meses a Filmin y una lista recomendada de pel\u00edculas clim\u00e1ticas.<\/p>\n\n\n\n<p>A lo largo de julio y agosto se realizar\u00e1n diversos cine-f\u00f3rum online para charlar sobre las pel\u00edculas destacadas en el programa. Todo el alumnado puede participar en esos debates.<\/p>\n\n\n\n<p><em>*Esta promoci\u00f3n solo se aplica a las matr\u00edculas realizadas antes del 31 de agosto de 2024.<\/em><\/p>\n\n\n\n<p><strong>Matr\u00edcula abierta<\/strong><\/p>\n\n\n\n<p>Las inscripciones ya est\u00e1n disponibles en&nbsp;<a href=\"http:\/\/launiclimatica.climatica.coop\/\">launiclimatica.climatica.coop<\/a>, donde adem\u00e1s encontrar\u00e1n m\u00e1s informaci\u00f3n sobre las ponencias y los especialistas participantes.<\/p>\n","protected":false},"excerpt":{"rendered":"<p>El proyecto europeo LIFE COSTAdapta estar\u00e1 presente en la&nbsp;Uni Clim\u00e1tica,&nbsp;un evento que se celebrar\u00e1 del lunes 15 al viernes 19 de julio de 2024 y que estar\u00e1 centrado en la formaci\u00f3n especializada en clima y biodiversidad. En esta quinta edici\u00f3n, la Uni Clim\u00e1tica est\u00e1 dedicada a la&nbsp;adaptaci\u00f3n frente a los impactos del cambio clim\u00e1tico. El&nbsp;pr\u00f3ximo [&hellip;]<\/p>\n","protected":false},"author":1,"featured_media":842,"comment_status":"open","ping_status":"open","sticky":false,"template":"","format":"standard","meta":{"_monsterinsights_skip_tracking":false,"_monsterinsights_sitenote_active":false,"_monsterinsights_sitenote_note":"","_monsterinsights_sitenote_category":0,"footnotes":""},"categories":[1],"tags":[],"class_list":["post-838","post","type-post","status-publish","format-standard","has-post-thumbnail","hentry","category-noticias"],"_links":{"self":[{"href":"https:\/\/costadapta.energiagrancanaria.com\/index.php?rest_route=\/wp\/v2\/posts\/838","targetHints":{"allow":["GET"]}}],"collection":[{"href":"https:\/\/costadapta.energiagrancanaria.com\/index.php?rest_route=\/wp\/v2\/posts"}],"about":[{"href":"https:\/\/costadapta.energiagrancanaria.com\/index.php?rest_route=\/wp\/v2\/types\/post"}],"author":[{"embeddable":true,"href":"https:\/\/costadapta.energiagrancanaria.com\/index.php?rest_route=\/wp\/v2\/users\/1"}],"replies":[{"embeddable":true,"href":"https:\/\/costadapta.energiagrancanaria.com\/index.php?rest_route=%2Fwp%2Fv2%2Fcomments&post=838"}],"version-history":[{"count":2,"href":"https:\/\/costadapta.energiagrancanaria.com\/index.php?rest_route=\/wp\/v2\/posts\/838\/revisions"}],"predecessor-version":[{"id":843,"href":"https:\/\/costadapta.energiagrancanaria.com\/index.php?rest_route=\/wp\/v2\/posts\/838\/revisions\/843"}],"wp:featuredmedia":[{"embeddable":true,"href":"https:\/\/costadapta.energiagrancanaria.com\/index.php?rest_route=\/wp\/v2\/media\/842"}],"wp:attachment":[{"href":"https:\/\/costadapta.energiagrancanaria.com\/index.php?rest_route=%2Fwp%2Fv2%2Fmedia&parent=838"}],"wp:term":[{"taxonomy":"category","embeddable":true,"href":"https:\/\/costadapta.energiagrancanaria.com\/index.php?rest_route=%2Fwp%2Fv2%2Fcategories&post=838"},{"taxonomy":"post_tag","embeddable":true,"href":"https:\/\/costadapta.energiagrancanaria.com\/index.php?rest_route=%2Fwp%2Fv2%2Ftags&post=838"}],"curies":[{"name":"wp","href":"https:\/\/api.w.org\/{rel}","templated":true}]}}